{"id":14000,"date":"2017-05-17T10:33:00","date_gmt":"2017-05-17T08:33:00","guid":{"rendered":"https:\/\/museutextil.cat\/lamines-de-moda-del-segle-xix\/"},"modified":"2026-02-26T08:30:30","modified_gmt":"2026-02-26T07:30:30","slug":"lamines-de-moda-modernista-17_05_2017","status":"publish","type":"post","link":"https:\/\/museutextil.cat\/es\/lamines-de-moda-modernista-17_05_2017\/","title":{"rendered":"L\u00e1minas de moda modernista"},"content":{"rendered":"\t\t<div data-elementor-type=\"wp-post\" data-elementor-id=\"14000\" class=\"elementor elementor-14000 elementor-6178\" data-elementor-post-type=\"post\">\n\t\t\t\t<div class=\"elementor-element elementor-element-31c67dd e-flex e-con-boxed e-con e-parent\" data-id=\"31c67dd\" data-element_type=\"container\">\n\t\t\t\t\t<div class=\"e-con-inner\">\n\t\t\t\t<div class=\"elementor-element elementor-element-0fc7764 elementor-widget elementor-widget-text-editor\" data-id=\"0fc7764\" data-element_type=\"widget\" data-widget_type=\"text-editor.default\">\n\t\t\t\t<div class=\"elementor-widget-container\">\n\t\t\t\t\t\t\t\t\t<p>Con motivo de la \u201cXV Fira Modernista\u201d la biblioteca ha preparado una nueva muestra de documentos singulares. Se trata de seis l\u00e1minas de moda de finales del siglo XIX de la colecci\u00f3n Llu\u00eds Tolosa. Se exponen las siguientes en la biblioteca:<\/p><ol><li>Litograf\u00eda pintada. Mujer con vestido de d\u00eda. Lit\u00f3grafo: Jules-Armand Hanriot.<\/li><li>Grabado a color. Dos mujeres con vestidos de noche. L\u00e1mina de la revista La Moda Elegante Ilustrada del 6 de noviembre del 1896.<\/li><li>Litograf\u00eda pintada. Mujer con vestido de d\u00eda. Lit\u00f3grafo: Jules-Armand Hanriot.<\/li><li>Grabado a color. Mujer y ni\u00f1a con vestidos de d\u00eda. Impresor: Larivi\u00e8re.\u00a0 L\u00e1mina de la revista Le Moniteur de la mode del a\u00f1o 1894.<\/li><li>Litograf\u00eda a color. Sombreros denominados \u201cChapeaux de Ville\u201d, de noviembre del 1892.<\/li><li>Grabado a color. Tres mujeres con vestidos de d\u00eda. Impresor: Larivi\u00e8re. L\u00e1mina de la revista Le Moniteur de la mode de 1895.<\/li><\/ol><p>Durante el fin de semana de la Fira modernista, las l\u00e1minas estar\u00e1n expuestas en la primera planta del CDMT.<\/p>\t\t\t\t\t\t\t\t<\/div>\n\t\t\t\t<\/div>\n\t\t\t\t\t<\/div>\n\t\t\t\t<\/div>\n\t\t\t\t<\/div>\n\t\t","protected":false},"excerpt":{"rendered":"<p>Con motivo de la \u201cXV Fira Modernista\u201d la biblioteca ha preparado una nueva muestra de documentos singulares. Se trata de seis l\u00e1minas de moda de finales del siglo XIX de la colecci\u00f3n Llu\u00eds Tolosa. Se exponen las siguientes en la biblioteca: Litograf\u00eda pintada. Mujer con vestido de d\u00eda. Lit\u00f3grafo: Jules-Armand Hanriot. Grabado a color. Dos [&hellip;]<\/p>\n","protected":false},"author":1,"featured_media":6180,"comment_status":"open","ping_status":"open","sticky":false,"template":"","format":"standard","meta":{"site-sidebar-layout":"default","site-content-layout":"","ast-site-content-layout":"default","site-content-style":"default","site-sidebar-style":"default","ast-global-header-display":"","ast-banner-title-visibility":"","ast-main-header-display":"","ast-hfb-above-header-display":"","ast-hfb-below-header-display":"","ast-hfb-mobile-header-display":"","site-post-title":"","ast-breadcrumbs-content":"","ast-featured-img":"","footer-sml-layout":"","theme-transparent-header-meta":"","adv-header-id-meta":"","stick-header-meta":"","header-above-stick-meta":"","header-main-stick-meta":"","header-below-stick-meta":"","astra-migrate-meta-layouts":"set","ast-page-background-enabled":"default","ast-page-background-meta":{"desktop":{"background-color":"var(--ast-global-color-4)","background-image":"","background-repeat":"repeat","background-position":"center center","background-size":"auto","background-attachment":"scroll","background-type":"","background-media":"","overlay-type":"","overlay-color":"","overlay-opacity":"","overlay-gradient":""},"tablet":{"background-color":"","background-image":"","background-repeat":"repeat","background-position":"center center","background-size":"auto","background-attachment":"scroll","background-type":"","background-media":"","overlay-type":"","overlay-color":"","overlay-opacity":"","overlay-gradient":""},"mobile":{"background-color":"","background-image":"","background-repeat":"repeat","background-position":"center center","background-size":"auto","background-attachment":"scroll","background-type":"","background-media":"","overlay-type":"","overlay-color":"","overlay-opacity":"","overlay-gradient":""}},"ast-content-background-meta":{"desktop":{"background-color":"var(--ast-global-color-5)","background-image":"","background-repeat":"repeat","background-position":"center center","background-size":"auto","background-attachment":"scroll","background-type":"","background-media":"","overlay-type":"","overlay-color":"","overlay-opacity":"","overlay-gradient":""},"tablet":{"background-color":"var(--ast-global-color-5)","background-image":"","background-repeat":"repeat","background-position":"center center","background-size":"auto","background-attachment":"scroll","background-type":"","background-media":"","overlay-type":"","overlay-color":"","overlay-opacity":"","overlay-gradient":""},"mobile":{"background-color":"var(--ast-global-color-5)","background-image":"","background-repeat":"repeat","background-position":"center center","background-size":"auto","background-attachment":"scroll","background-type":"","background-media":"","overlay-type":"","overlay-color":"","overlay-opacity":"","overlay-gradient":""}},"footnotes":""},"categories":[10,132,137,21,141],"tags":[],"class_list":["post-14000","post","type-post","status-publish","format-standard","has-post-thumbnail","hentry","category-blog","category-blog-es","category-documentos-singulares","category-documents-singulars","category-principal"],"yoast_head":"<!-- This site is optimized with the Yoast SEO plugin v25.9 - https:\/\/yoast.com\/wordpress\/plugins\/seo\/ -->\n<title>L\u00e1minas de moda modernista - Museu T\u00e8xtil de Terrassa<\/title>\n<meta name=\"robots\" content=\"index, follow, max-snippet:-1, max-image-preview:large, max-video-preview:-1\" \/>\n<link rel=\"canonical\" href=\"https:\/\/museutextil.cat\/es\/lamines-de-moda-modernista-17_05_2017\/\" \/>\n<meta property=\"og:locale\" content=\"es_ES\" \/>\n<meta property=\"og:type\" content=\"article\" \/>\n<meta property=\"og:title\" content=\"L\u00e1minas de moda modernista - Museu T\u00e8xtil de Terrassa\" \/>\n<meta property=\"og:description\" content=\"Con motivo de la \u201cXV Fira Modernista\u201d la biblioteca ha preparado una nueva muestra de documentos singulares. Se trata de seis l\u00e1minas de moda de finales del siglo XIX de la colecci\u00f3n Llu\u00eds Tolosa. Se exponen las siguientes en la biblioteca: Litograf\u00eda pintada. Mujer con vestido de d\u00eda. Lit\u00f3grafo: Jules-Armand Hanriot. Grabado a color. Dos [&hellip;]\" \/>\n<meta property=\"og:url\" content=\"https:\/\/museutextil.cat\/es\/lamines-de-moda-modernista-17_05_2017\/\" \/>\n<meta property=\"og:site_name\" content=\"Museu T\u00e8xtil de Terrassa\" \/>\n<meta property=\"article:publisher\" content=\"https:\/\/www.facebook.com\/cdmtextil\" \/>\n<meta property=\"article:published_time\" content=\"2017-05-17T08:33:00+00:00\" \/>\n<meta property=\"article:modified_time\" content=\"2026-02-26T07:30:30+00:00\" \/>\n<meta property=\"og:image\" content=\"https:\/\/museutextil.cat\/wp-content\/uploads\/2025\/03\/vitrina_lluis_tolosa.jpg\" \/>\n\t<meta property=\"og:image:width\" content=\"750\" \/>\n\t<meta property=\"og:image:height\" content=\"500\" \/>\n\t<meta property=\"og:image:type\" content=\"image\/jpeg\" \/>\n<meta name=\"author\" content=\"adqa\" \/>\n<meta name=\"twitter:card\" content=\"summary_large_image\" \/>\n<meta name=\"twitter:creator\" content=\"@cdmtex\" \/>\n<meta name=\"twitter:site\" content=\"@cdmtex\" \/>\n<meta name=\"twitter:label1\" content=\"Escrito por\" \/>\n\t<meta name=\"twitter:data1\" content=\"adqa\" \/>\n\t<meta name=\"twitter:label2\" content=\"Tiempo de lectura\" \/>\n\t<meta name=\"twitter:data2\" content=\"2 minutos\" \/>\n<script type=\"application\/ld+json\" class=\"yoast-schema-graph\">{\"@context\":\"https:\/\/schema.org\",\"@graph\":[{\"@type\":\"Article\",\"@id\":\"https:\/\/museutextil.cat\/es\/lamines-de-moda-modernista-17_05_2017\/#article\",\"isPartOf\":{\"@id\":\"https:\/\/museutextil.cat\/es\/lamines-de-moda-modernista-17_05_2017\/\"},\"author\":{\"name\":\"adqa\",\"@id\":\"https:\/\/museutextil.cat\/es\/#\/schema\/person\/22754aa51dfc991917851f99dea4b002\"},\"headline\":\"L\u00e1minas de moda modernista\",\"datePublished\":\"2017-05-17T08:33:00+00:00\",\"dateModified\":\"2026-02-26T07:30:30+00:00\",\"mainEntityOfPage\":{\"@id\":\"https:\/\/museutextil.cat\/es\/lamines-de-moda-modernista-17_05_2017\/\"},\"wordCount\":182,\"commentCount\":0,\"publisher\":{\"@id\":\"https:\/\/museutextil.cat\/es\/#organization\"},\"image\":{\"@id\":\"https:\/\/museutextil.cat\/es\/lamines-de-moda-modernista-17_05_2017\/#primaryimage\"},\"thumbnailUrl\":\"https:\/\/museutextil.cat\/wp-content\/uploads\/2025\/03\/vitrina_lluis_tolosa.jpg\",\"articleSection\":[\"Blog\",\"Blog\",\"Documentos singulares\",\"Documents singulars\",\"Principal\"],\"inLanguage\":\"es\",\"potentialAction\":[{\"@type\":\"CommentAction\",\"name\":\"Comment\",\"target\":[\"https:\/\/museutextil.cat\/es\/lamines-de-moda-modernista-17_05_2017\/#respond\"]}]},{\"@type\":\"WebPage\",\"@id\":\"https:\/\/museutextil.cat\/es\/lamines-de-moda-modernista-17_05_2017\/\",\"url\":\"https:\/\/museutextil.cat\/es\/lamines-de-moda-modernista-17_05_2017\/\",\"name\":\"L\u00e1minas de moda modernista - Museu T\u00e8xtil de Terrassa\",\"isPartOf\":{\"@id\":\"https:\/\/museutextil.cat\/es\/#website\"},\"primaryImageOfPage\":{\"@id\":\"https:\/\/museutextil.cat\/es\/lamines-de-moda-modernista-17_05_2017\/#primaryimage\"},\"image\":{\"@id\":\"https:\/\/museutextil.cat\/es\/lamines-de-moda-modernista-17_05_2017\/#primaryimage\"},\"thumbnailUrl\":\"https:\/\/museutextil.cat\/wp-content\/uploads\/2025\/03\/vitrina_lluis_tolosa.jpg\",\"datePublished\":\"2017-05-17T08:33:00+00:00\",\"dateModified\":\"2026-02-26T07:30:30+00:00\",\"breadcrumb\":{\"@id\":\"https:\/\/museutextil.cat\/es\/lamines-de-moda-modernista-17_05_2017\/#breadcrumb\"},\"inLanguage\":\"es\",\"potentialAction\":[{\"@type\":\"ReadAction\",\"target\":[\"https:\/\/museutextil.cat\/es\/lamines-de-moda-modernista-17_05_2017\/\"]}]},{\"@type\":\"ImageObject\",\"inLanguage\":\"es\",\"@id\":\"https:\/\/museutextil.cat\/es\/lamines-de-moda-modernista-17_05_2017\/#primaryimage\",\"url\":\"https:\/\/museutextil.cat\/wp-content\/uploads\/2025\/03\/vitrina_lluis_tolosa.jpg\",\"contentUrl\":\"https:\/\/museutextil.cat\/wp-content\/uploads\/2025\/03\/vitrina_lluis_tolosa.jpg\",\"width\":750,\"height\":500},{\"@type\":\"BreadcrumbList\",\"@id\":\"https:\/\/museutextil.cat\/es\/lamines-de-moda-modernista-17_05_2017\/#breadcrumb\",\"itemListElement\":[{\"@type\":\"ListItem\",\"position\":1,\"name\":\"Inici\",\"item\":\"https:\/\/museutextil.cat\/es\/\"},{\"@type\":\"ListItem\",\"position\":2,\"name\":\"L\u00e1minas de moda modernista\"}]},{\"@type\":\"WebSite\",\"@id\":\"https:\/\/museutextil.cat\/es\/#website\",\"url\":\"https:\/\/museutextil.cat\/es\/\",\"name\":\"Museu T\u00e8xtil de Terrassa\",\"description\":\"Centre de documentaci\u00f3 i Museu t\u00e8xtil\",\"publisher\":{\"@id\":\"https:\/\/museutextil.cat\/es\/#organization\"},\"potentialAction\":[{\"@type\":\"SearchAction\",\"target\":{\"@type\":\"EntryPoint\",\"urlTemplate\":\"https:\/\/museutextil.cat\/es\/?s={search_term_string}\"},\"query-input\":{\"@type\":\"PropertyValueSpecification\",\"valueRequired\":true,\"valueName\":\"search_term_string\"}}],\"inLanguage\":\"es\"},{\"@type\":\"Organization\",\"@id\":\"https:\/\/museutextil.cat\/es\/#organization\",\"name\":\"Museu T\u00e8xtil de Terrassa\",\"url\":\"https:\/\/museutextil.cat\/es\/\",\"logo\":{\"@type\":\"ImageObject\",\"inLanguage\":\"es\",\"@id\":\"https:\/\/museutextil.cat\/es\/#\/schema\/logo\/image\/\",\"url\":\"https:\/\/museutextil.cat\/wp-content\/uploads\/2025\/03\/museutextil_logo_h.png\",\"contentUrl\":\"https:\/\/museutextil.cat\/wp-content\/uploads\/2025\/03\/museutextil_logo_h.png\",\"width\":500,\"height\":87,\"caption\":\"Museu T\u00e8xtil de Terrassa\"},\"image\":{\"@id\":\"https:\/\/museutextil.cat\/es\/#\/schema\/logo\/image\/\"},\"sameAs\":[\"https:\/\/www.facebook.com\/cdmtextil\",\"https:\/\/x.com\/cdmtex\",\"https:\/\/www.instagram.com\/cdmtextil\/\",\"https:\/\/www.pinterest.com\/cdmtextil\/\",\"https:\/\/www.youtube.com\/user\/CDMTextil\"]},{\"@type\":\"Person\",\"@id\":\"https:\/\/museutextil.cat\/es\/#\/schema\/person\/22754aa51dfc991917851f99dea4b002\",\"name\":\"adqa\",\"image\":{\"@type\":\"ImageObject\",\"inLanguage\":\"es\",\"@id\":\"https:\/\/museutextil.cat\/es\/#\/schema\/person\/image\/\",\"url\":\"https:\/\/secure.gravatar.com\/avatar\/fc0a895014452f4d5ed802dd6b89e417d606f52151ce07edc5bd68974e9d804d?s=96&d=mm&r=g\",\"contentUrl\":\"https:\/\/secure.gravatar.com\/avatar\/fc0a895014452f4d5ed802dd6b89e417d606f52151ce07edc5bd68974e9d804d?s=96&d=mm&r=g\",\"caption\":\"adqa\"},\"sameAs\":[\"http:\/\/museutextil.cat\"],\"url\":\"https:\/\/museutextil.cat\/es\/author\/adqa\/\"}]}<\/script>\n<!-- \/ Yoast SEO plugin. -->","yoast_head_json":{"title":"L\u00e1minas de moda modernista - Museu T\u00e8xtil de Terrassa","robots":{"index":"index","follow":"follow","max-snippet":"max-snippet:-1","max-image-preview":"max-image-preview:large","max-video-preview":"max-video-preview:-1"},"canonical":"https:\/\/museutextil.cat\/es\/lamines-de-moda-modernista-17_05_2017\/","og_locale":"es_ES","og_type":"article","og_title":"L\u00e1minas de moda modernista - Museu T\u00e8xtil de Terrassa","og_description":"Con motivo de la \u201cXV Fira Modernista\u201d la biblioteca ha preparado una nueva muestra de documentos singulares. Se trata de seis l\u00e1minas de moda de finales del siglo XIX de la colecci\u00f3n Llu\u00eds Tolosa. Se exponen las siguientes en la biblioteca: Litograf\u00eda pintada. Mujer con vestido de d\u00eda. Lit\u00f3grafo: Jules-Armand Hanriot. Grabado a color. Dos [&hellip;]","og_url":"https:\/\/museutextil.cat\/es\/lamines-de-moda-modernista-17_05_2017\/","og_site_name":"Museu T\u00e8xtil de Terrassa","article_publisher":"https:\/\/www.facebook.com\/cdmtextil","article_published_time":"2017-05-17T08:33:00+00:00","article_modified_time":"2026-02-26T07:30:30+00:00","og_image":[{"width":750,"height":500,"url":"https:\/\/museutextil.cat\/wp-content\/uploads\/2025\/03\/vitrina_lluis_tolosa.jpg","type":"image\/jpeg"}],"author":"adqa","twitter_card":"summary_large_image","twitter_creator":"@cdmtex","twitter_site":"@cdmtex","twitter_misc":{"Escrito por":"adqa","Tiempo de lectura":"2 minutos"},"schema":{"@context":"https:\/\/schema.org","@graph":[{"@type":"Article","@id":"https:\/\/museutextil.cat\/es\/lamines-de-moda-modernista-17_05_2017\/#article","isPartOf":{"@id":"https:\/\/museutextil.cat\/es\/lamines-de-moda-modernista-17_05_2017\/"},"author":{"name":"adqa","@id":"https:\/\/museutextil.cat\/es\/#\/schema\/person\/22754aa51dfc991917851f99dea4b002"},"headline":"L\u00e1minas de moda modernista","datePublished":"2017-05-17T08:33:00+00:00","dateModified":"2026-02-26T07:30:30+00:00","mainEntityOfPage":{"@id":"https:\/\/museutextil.cat\/es\/lamines-de-moda-modernista-17_05_2017\/"},"wordCount":182,"commentCount":0,"publisher":{"@id":"https:\/\/museutextil.cat\/es\/#organization"},"image":{"@id":"https:\/\/museutextil.cat\/es\/lamines-de-moda-modernista-17_05_2017\/#primaryimage"},"thumbnailUrl":"https:\/\/museutextil.cat\/wp-content\/uploads\/2025\/03\/vitrina_lluis_tolosa.jpg","articleSection":["Blog","Blog","Documentos singulares","Documents singulars","Principal"],"inLanguage":"es","potentialAction":[{"@type":"CommentAction","name":"Comment","target":["https:\/\/museutextil.cat\/es\/lamines-de-moda-modernista-17_05_2017\/#respond"]}]},{"@type":"WebPage","@id":"https:\/\/museutextil.cat\/es\/lamines-de-moda-modernista-17_05_2017\/","url":"https:\/\/museutextil.cat\/es\/lamines-de-moda-modernista-17_05_2017\/","name":"L\u00e1minas de moda modernista - Museu T\u00e8xtil de Terrassa","isPartOf":{"@id":"https:\/\/museutextil.cat\/es\/#website"},"primaryImageOfPage":{"@id":"https:\/\/museutextil.cat\/es\/lamines-de-moda-modernista-17_05_2017\/#primaryimage"},"image":{"@id":"https:\/\/museutextil.cat\/es\/lamines-de-moda-modernista-17_05_2017\/#primaryimage"},"thumbnailUrl":"https:\/\/museutextil.cat\/wp-content\/uploads\/2025\/03\/vitrina_lluis_tolosa.jpg","datePublished":"2017-05-17T08:33:00+00:00","dateModified":"2026-02-26T07:30:30+00:00","breadcrumb":{"@id":"https:\/\/museutextil.cat\/es\/lamines-de-moda-modernista-17_05_2017\/#breadcrumb"},"inLanguage":"es","potentialAction":[{"@type":"ReadAction","target":["https:\/\/museutextil.cat\/es\/lamines-de-moda-modernista-17_05_2017\/"]}]},{"@type":"ImageObject","inLanguage":"es","@id":"https:\/\/museutextil.cat\/es\/lamines-de-moda-modernista-17_05_2017\/#primaryimage","url":"https:\/\/museutextil.cat\/wp-content\/uploads\/2025\/03\/vitrina_lluis_tolosa.jpg","contentUrl":"https:\/\/museutextil.cat\/wp-content\/uploads\/2025\/03\/vitrina_lluis_tolosa.jpg","width":750,"height":500},{"@type":"BreadcrumbList","@id":"https:\/\/museutextil.cat\/es\/lamines-de-moda-modernista-17_05_2017\/#breadcrumb","itemListElement":[{"@type":"ListItem","position":1,"name":"Inici","item":"https:\/\/museutextil.cat\/es\/"},{"@type":"ListItem","position":2,"name":"L\u00e1minas de moda modernista"}]},{"@type":"WebSite","@id":"https:\/\/museutextil.cat\/es\/#website","url":"https:\/\/museutextil.cat\/es\/","name":"Museu T\u00e8xtil de Terrassa","description":"Centre de documentaci\u00f3 i Museu t\u00e8xtil","publisher":{"@id":"https:\/\/museutextil.cat\/es\/#organization"},"potentialAction":[{"@type":"SearchAction","target":{"@type":"EntryPoint","urlTemplate":"https:\/\/museutextil.cat\/es\/?s={search_term_string}"},"query-input":{"@type":"PropertyValueSpecification","valueRequired":true,"valueName":"search_term_string"}}],"inLanguage":"es"},{"@type":"Organization","@id":"https:\/\/museutextil.cat\/es\/#organization","name":"Museu T\u00e8xtil de Terrassa","url":"https:\/\/museutextil.cat\/es\/","logo":{"@type":"ImageObject","inLanguage":"es","@id":"https:\/\/museutextil.cat\/es\/#\/schema\/logo\/image\/","url":"https:\/\/museutextil.cat\/wp-content\/uploads\/2025\/03\/museutextil_logo_h.png","contentUrl":"https:\/\/museutextil.cat\/wp-content\/uploads\/2025\/03\/museutextil_logo_h.png","width":500,"height":87,"caption":"Museu T\u00e8xtil de Terrassa"},"image":{"@id":"https:\/\/museutextil.cat\/es\/#\/schema\/logo\/image\/"},"sameAs":["https:\/\/www.facebook.com\/cdmtextil","https:\/\/x.com\/cdmtex","https:\/\/www.instagram.com\/cdmtextil\/","https:\/\/www.pinterest.com\/cdmtextil\/","https:\/\/www.youtube.com\/user\/CDMTextil"]},{"@type":"Person","@id":"https:\/\/museutextil.cat\/es\/#\/schema\/person\/22754aa51dfc991917851f99dea4b002","name":"adqa","image":{"@type":"ImageObject","inLanguage":"es","@id":"https:\/\/museutextil.cat\/es\/#\/schema\/person\/image\/","url":"https:\/\/secure.gravatar.com\/avatar\/fc0a895014452f4d5ed802dd6b89e417d606f52151ce07edc5bd68974e9d804d?s=96&d=mm&r=g","contentUrl":"https:\/\/secure.gravatar.com\/avatar\/fc0a895014452f4d5ed802dd6b89e417d606f52151ce07edc5bd68974e9d804d?s=96&d=mm&r=g","caption":"adqa"},"sameAs":["http:\/\/museutextil.cat"],"url":"https:\/\/museutextil.cat\/es\/author\/adqa\/"}]}},"_links":{"self":[{"href":"https:\/\/museutextil.cat\/es\/wp-json\/wp\/v2\/posts\/14000","targetHints":{"allow":["GET"]}}],"collection":[{"href":"https:\/\/museutextil.cat\/es\/wp-json\/wp\/v2\/posts"}],"about":[{"href":"https:\/\/museutextil.cat\/es\/wp-json\/wp\/v2\/types\/post"}],"author":[{"embeddable":true,"href":"https:\/\/museutextil.cat\/es\/wp-json\/wp\/v2\/users\/1"}],"replies":[{"embeddable":true,"href":"https:\/\/museutextil.cat\/es\/wp-json\/wp\/v2\/comments?post=14000"}],"version-history":[{"count":4,"href":"https:\/\/museutextil.cat\/es\/wp-json\/wp\/v2\/posts\/14000\/revisions"}],"predecessor-version":[{"id":18535,"href":"https:\/\/museutextil.cat\/es\/wp-json\/wp\/v2\/posts\/14000\/revisions\/18535"}],"wp:featuredmedia":[{"embeddable":true,"href":"https:\/\/museutextil.cat\/es\/wp-json\/wp\/v2\/media\/6180"}],"wp:attachment":[{"href":"https:\/\/museutextil.cat\/es\/wp-json\/wp\/v2\/media?parent=14000"}],"wp:term":[{"taxonomy":"category","embeddable":true,"href":"https:\/\/museutextil.cat\/es\/wp-json\/wp\/v2\/categories?post=14000"},{"taxonomy":"post_tag","embeddable":true,"href":"https:\/\/museutextil.cat\/es\/wp-json\/wp\/v2\/tags?post=14000"}],"curies":[{"name":"wp","href":"https:\/\/api.w.org\/{rel}","templated":true}]}}